{"id":1604,"date":"2021-11-23T16:08:35","date_gmt":"2021-11-23T15:08:35","guid":{"rendered":"https:\/\/www.demenzfreundlich.at\/1130\/?p=1604"},"modified":"2022-03-30T18:33:17","modified_gmt":"2022-03-30T16:33:17","slug":"hallo-welt-2-4-2-2-3-2-2-2-3-2-2-2-3-2-2","status":"publish","type":"post","link":"https:\/\/demenzfreundlich.at\/1130\/fruehe_hilfen","title":{"rendered":"Neues Projekt &#8222;Fr\u00fche Hilfen&#8220;"},"content":{"rendered":"<p>Seit 1.11.2021 ist Hietzing als Region am Projekt &#8222;Fr\u00fche Hilfen&#8220; der Caritas Wien beteiligt. Um die Ziele der Unterst\u00fctzung vor \/ bei \/ nach einer Demenzdiagnose in unserem Bezirk gut umzusetzen, werden wir von der Initiative MITEINANDER im demenzfreundlichen Hietzing eng mit der Koordinatorin Sabrina Forster zusammenarbeiten. Das Projekt wird von der Bezirksvorsteherin Mag. Silke Kobald aktiv unterst\u00fctzt und vom Fonds Gesundes \u00d6sterreich gef\u00f6rdert. <a href=\"https:\/\/youtu.be\/8A6ZEHYeEC4\">In diesem Video<\/a> erhalten Sie einen Einblick in die Ziele und Aktivit\u00e4ten des Projekts. <a href=\"https:\/\/demenzfreundlich.at\/1130\/wp-content\/uploads\/sites\/2\/2021\/11\/fld_Pfl_frueheHilfe_demenz13.pdf\" target=\"_blank\" rel=\"noopener noreferrer\">Folder hier<\/a> <\/p>\n","protected":false},"excerpt":{"rendered":"<p>Seit 1.11.2021 ist Hietzing als Region am Projekt &#8222;Fr\u00fche Hilfen&#8220; der Caritas Wien beteiligt. Um die Ziele der Unterst\u00fctzung vor \/ bei \/ nach einer Demenzdiagnose in unserem Bezirk gut umzusetzen, werden wir von der Initiative MITEINANDER im demenzfreundlichen Hietzing eng mit der Koordinatorin Sabrina Forster zusammenarbeiten. Das Projekt wird von der Bezirksvorsteherin Mag. Silke [&hellip;]<\/p>\n","protected":false},"author":3,"featured_media":0,"comment_status":"closed","ping_status":"closed","sticky":false,"template":"","format":"standard","meta":{"footnotes":"","_links_to":"","_links_to_target":""},"categories":[6],"tags":[],"class_list":["post-1604","post","type-post","status-publish","format-standard","hentry","category-news"],"_links":{"self":[{"href":"https:\/\/demenzfreundlich.at\/1130\/index.php?rest_route=\/wp\/v2\/posts\/1604","targetHints":{"allow":["GET"]}}],"collection":[{"href":"https:\/\/demenzfreundlich.at\/1130\/index.php?rest_route=\/wp\/v2\/posts"}],"about":[{"href":"https:\/\/demenzfreundlich.at\/1130\/index.php?rest_route=\/wp\/v2\/types\/post"}],"author":[{"embeddable":true,"href":"https:\/\/demenzfreundlich.at\/1130\/index.php?rest_route=\/wp\/v2\/users\/3"}],"replies":[{"embeddable":true,"href":"https:\/\/demenzfreundlich.at\/1130\/index.php?rest_route=%2Fwp%2Fv2%2Fcomments&post=1604"}],"version-history":[{"count":4,"href":"https:\/\/demenzfreundlich.at\/1130\/index.php?rest_route=\/wp\/v2\/posts\/1604\/revisions"}],"predecessor-version":[{"id":1678,"href":"https:\/\/demenzfreundlich.at\/1130\/index.php?rest_route=\/wp\/v2\/posts\/1604\/revisions\/1678"}],"wp:attachment":[{"href":"https:\/\/demenzfreundlich.at\/1130\/index.php?rest_route=%2Fwp%2Fv2%2Fmedia&parent=1604"}],"wp:term":[{"taxonomy":"category","embeddable":true,"href":"https:\/\/demenzfreundlich.at\/1130\/index.php?rest_route=%2Fwp%2Fv2%2Fcategories&post=1604"},{"taxonomy":"post_tag","embeddable":true,"href":"https:\/\/demenzfreundlich.at\/1130\/index.php?rest_route=%2Fwp%2Fv2%2Ftags&post=1604"}],"curies":[{"name":"wp","href":"https:\/\/api.w.org\/{rel}","templated":true}]}}