{"id":1679,"date":"2022-09-24T15:18:19","date_gmt":"2022-09-24T13:18:19","guid":{"rendered":"https:\/\/www.demenzfreundlich.at\/1130\/?p=1679"},"modified":"2022-09-24T16:16:47","modified_gmt":"2022-09-24T14:16:47","slug":"hallo-welt-2-4-2-2-3-2-2-2-3-2-2-2-3-2-2-3","status":"publish","type":"post","link":"https:\/\/demenzfreundlich.at\/1130\/gehcafe","title":{"rendered":"Streifzug beim Geh-Caf\u00e9 am 22.9.2022"},"content":{"rendered":"<p>Zum &#8222;Streifzug durchs demenzfreundliche Hietzing&#8220; luden wir mit der Mobilit\u00e4tsagentur und dem B\u00fcro der SeniorInnenbeauftragten des fsw. Am 22.9. folgten rund 70 Personen unserer Einladung und erlebten im Park Sch\u00f6nbrunn und den angrenzenden Gassen, wie wir Menschen mit Vergesslichkeit unterst\u00fctzen und was Hietzing mit Hollywood verbindet.<\/p>\n<p><img loading=\"lazy\" decoding=\"async\" class=\"alignnone size-medium wp-image-1733\" src=\"https:\/\/demenzfreundlich.at\/1130\/wp-content\/uploads\/sites\/2\/2022\/09\/gehcafe_hietzing_014-300x200.jpg\" alt=\"begr\u00fc\u00dfung\" width=\"300\" height=\"200\" srcset=\"https:\/\/demenzfreundlich.at\/1130\/wp-content\/uploads\/sites\/2\/2022\/09\/gehcafe_hietzing_014-300x200.jpg 300w, https:\/\/demenzfreundlich.at\/1130\/wp-content\/uploads\/sites\/2\/2022\/09\/gehcafe_hietzing_014-768x512.jpg 768w, https:\/\/demenzfreundlich.at\/1130\/wp-content\/uploads\/sites\/2\/2022\/09\/gehcafe_hietzing_014-1024x683.jpg 1024w, https:\/\/demenzfreundlich.at\/1130\/wp-content\/uploads\/sites\/2\/2022\/09\/gehcafe_hietzing_014-696x464.jpg 696w, https:\/\/demenzfreundlich.at\/1130\/wp-content\/uploads\/sites\/2\/2022\/09\/gehcafe_hietzing_014-1392x928.jpg 1392w, https:\/\/demenzfreundlich.at\/1130\/wp-content\/uploads\/sites\/2\/2022\/09\/gehcafe_hietzing_014.jpg 2048w\" sizes=\"auto, (max-width: 300px) 100vw, 300px\" \/> vlnr: Bezirksr\u00e4tin Verena Sperker, Guide Klaus Daubeck, SeniorInnenbeauftragte Sabine Hofer-Gruber, Fu\u00dfg\u00e4ngerInnenbeauftragte Petra Jens.<\/p>\n<p><img loading=\"lazy\" decoding=\"async\" class=\"alignnone size-medium wp-image-1734\" src=\"https:\/\/demenzfreundlich.at\/1130\/wp-content\/uploads\/sites\/2\/2022\/09\/gehcafe_hietzing_054-300x200.jpg\" alt=\"\" width=\"300\" height=\"200\" srcset=\"https:\/\/demenzfreundlich.at\/1130\/wp-content\/uploads\/sites\/2\/2022\/09\/gehcafe_hietzing_054-300x200.jpg 300w, https:\/\/demenzfreundlich.at\/1130\/wp-content\/uploads\/sites\/2\/2022\/09\/gehcafe_hietzing_054-768x512.jpg 768w, https:\/\/demenzfreundlich.at\/1130\/wp-content\/uploads\/sites\/2\/2022\/09\/gehcafe_hietzing_054-1024x683.jpg 1024w, https:\/\/demenzfreundlich.at\/1130\/wp-content\/uploads\/sites\/2\/2022\/09\/gehcafe_hietzing_054-696x464.jpg 696w, https:\/\/demenzfreundlich.at\/1130\/wp-content\/uploads\/sites\/2\/2022\/09\/gehcafe_hietzing_054-1392x928.jpg 1392w, https:\/\/demenzfreundlich.at\/1130\/wp-content\/uploads\/sites\/2\/2022\/09\/gehcafe_hietzing_054.jpg 2048w\" sizes=\"auto, (max-width: 300px) 100vw, 300px\" \/> Station vor dem Palmenhaus mit Andreas Trubel von Promenz.<\/p>\n<p>(c) f\u00fcr alle Fotos \u00a0Mobilit\u00e4tsagentur Wien\/Christian F\u00fcrthner<\/p>\n","protected":false},"excerpt":{"rendered":"<p>Zum &#8222;Streifzug durchs demenzfreundliche Hietzing&#8220; luden wir mit der Mobilit\u00e4tsagentur und dem B\u00fcro der SeniorInnenbeauftragten des fsw. Am 22.9. folgten rund 70 Personen unserer Einladung und erlebten im Park Sch\u00f6nbrunn und den angrenzenden Gassen, wie wir Menschen mit Vergesslichkeit unterst\u00fctzen und was Hietzing mit Hollywood verbindet. vlnr: Bezirksr\u00e4tin Verena Sperker, Guide Klaus Daubeck, SeniorInnenbeauftragte Sabine [&hellip;]<\/p>\n","protected":false},"author":3,"featured_media":0,"comment_status":"closed","ping_status":"closed","sticky":false,"template":"","format":"standard","meta":{"footnotes":"","_links_to":"","_links_to_target":""},"categories":[6],"tags":[],"class_list":["post-1679","post","type-post","status-publish","format-standard","hentry","category-news"],"_links":{"self":[{"href":"https:\/\/demenzfreundlich.at\/1130\/index.php?rest_route=\/wp\/v2\/posts\/1679","targetHints":{"allow":["GET"]}}],"collection":[{"href":"https:\/\/demenzfreundlich.at\/1130\/index.php?rest_route=\/wp\/v2\/posts"}],"about":[{"href":"https:\/\/demenzfreundlich.at\/1130\/index.php?rest_route=\/wp\/v2\/types\/post"}],"author":[{"embeddable":true,"href":"https:\/\/demenzfreundlich.at\/1130\/index.php?rest_route=\/wp\/v2\/users\/3"}],"replies":[{"embeddable":true,"href":"https:\/\/demenzfreundlich.at\/1130\/index.php?rest_route=%2Fwp%2Fv2%2Fcomments&post=1679"}],"version-history":[{"count":3,"href":"https:\/\/demenzfreundlich.at\/1130\/index.php?rest_route=\/wp\/v2\/posts\/1679\/revisions"}],"predecessor-version":[{"id":1748,"href":"https:\/\/demenzfreundlich.at\/1130\/index.php?rest_route=\/wp\/v2\/posts\/1679\/revisions\/1748"}],"wp:attachment":[{"href":"https:\/\/demenzfreundlich.at\/1130\/index.php?rest_route=%2Fwp%2Fv2%2Fmedia&parent=1679"}],"wp:term":[{"taxonomy":"category","embeddable":true,"href":"https:\/\/demenzfreundlich.at\/1130\/index.php?rest_route=%2Fwp%2Fv2%2Fcategories&post=1679"},{"taxonomy":"post_tag","embeddable":true,"href":"https:\/\/demenzfreundlich.at\/1130\/index.php?rest_route=%2Fwp%2Fv2%2Ftags&post=1679"}],"curies":[{"name":"wp","href":"https:\/\/api.w.org\/{rel}","templated":true}]}}